{"id":246,"date":"2017-05-18T13:52:28","date_gmt":"2017-05-18T11:52:28","guid":{"rendered":"http:\/\/74.234.24.151\/?p=246"},"modified":"2023-08-11T13:08:42","modified_gmt":"2023-08-11T11:08:42","slug":"javi-y-oscar-aprendiendo-a-vivir-de-nuevo","status":"publish","type":"post","link":"https:\/\/xn--acladcorua-19a.es\/gl\/2017\/05\/18\/javi-y-oscar-aprendiendo-a-vivir-de-nuevo\/","title":{"rendered":"Javi y \u00d3scar: Aprendiendo a vivir de nuevo"},"content":{"rendered":"<p class=\"has-text-align-center\"><strong>Javi: \u201cTuve la desgracia de caer en prisi\u00f3n y all\u00ed fue donde me plante\u00e9 decir se acab\u00f3\u201d.<\/strong><\/p>\n\n\n\n<p class=\"has-text-align-center\"><strong>Oscar: \u201c Yo recuper\u00e9 la familia&nbsp;y a viejos amigos que perd\u00ed por culpa de la droga\u201d.<\/strong><\/p>\n\n\n\n<p><a href=\"https:\/\/soundcloud.com\/acladcoruna\/oscar-javi-y-victoria-bobadilla-con-pablo-portabales\">Oscar, Javi Y Victoria Bobadilla Con Pablo Portabales de Aclad Coru\u00f1a (soundcloud.com)<\/a><\/p>\n\n\n\n<p><strong>Javi y Oscar<\/strong>&nbsp;han decidido darse una segunda oportunidad de vivir, pero de vivir bien y felices . Por eso comenzaron de la mano de los profesionales de&nbsp;<strong>ACLAD Coru\u00f1a<\/strong>&nbsp;un nuevo camino en el que ya no quieren mirar atr\u00e1s. Ya llevan mucho caminado y ahora son dos grandes supervivientes de las drogas. De su experiencia de superaci\u00f3n han conversado con el periodista&nbsp;<strong>Pablo Portabales<\/strong>&nbsp;en el programa&nbsp;<strong>Cita con Aclad&nbsp;<\/strong>de<strong>&nbsp;Radio Voz<\/strong>. Han estado acompa\u00f1ados, adem\u00e1s, por su monitora&nbsp;<strong>Victoria Bobadilla<\/strong>&nbsp;y su ayudante en pr\u00e1cticas&nbsp;<strong>Miriam Veiras.<\/strong><\/p>\n\n\n\n<p>En el espacio radiof\u00f3nico, Javi y Oscar hablan de sus momentos m\u00e1s dif\u00edciles&nbsp;&nbsp;y de sus vivencias m\u00e1s gratificantes en su lucha contra la adicci\u00f3n a las drogas; de lo que hab\u00edan perdido y de lo que ya han comenzado a ganar. Ellos explican c\u00f3mo hab\u00edan perdido toda la libertad que es consustancial a la persona y c\u00f3mo han ganado desde algo tan simple como tener una rutina en el d\u00eda a d\u00eda &nbsp;a algo tan complejo como aprender de nuevo a buscar trabajo, relacionarse sin&nbsp; miedos e&nbsp;incluso enamorarse.<\/p>\n\n\n\n<p>La determinaci\u00f3n de romper con entornos perjudiciales&nbsp; y el apoyo de las familias y los terapeutas y educadores de ACLAD han sido las claves sobre las que han tejido cuidadosamente, en el d\u00eda a d\u00eda, sus estrategias &nbsp;para combatir cualquier reca\u00edda\u2026\u2026<\/p>\n\n\n\n<p>\u2026\u2026..pero, sobre todo, &nbsp;para entretejer su gusto por la vida\u2026.una barbacoa, un deporte, el apoyo mutuo de amigos, una chica.<\/p>\n\n\n\n<figure class=\"wp-block-image size-large\"><img loading=\"lazy\" decoding=\"async\" width=\"1024\" height=\"768\" src=\"http:\/\/74.234.24.151\/wp-content\/uploads\/2023\/08\/ACLAD-noticia-13-1024x768.jpg\" alt=\"\" class=\"wp-image-247\" srcset=\"https:\/\/xn--acladcorua-19a.es\/wp-content\/uploads\/2023\/08\/ACLAD-noticia-13-1024x768.jpg 1024w, https:\/\/xn--acladcorua-19a.es\/wp-content\/uploads\/2023\/08\/ACLAD-noticia-13-300x225.jpg 300w, https:\/\/xn--acladcorua-19a.es\/wp-content\/uploads\/2023\/08\/ACLAD-noticia-13-768x576.jpg 768w, https:\/\/xn--acladcorua-19a.es\/wp-content\/uploads\/2023\/08\/ACLAD-noticia-13-1536x1152.jpg 1536w, https:\/\/xn--acladcorua-19a.es\/wp-content\/uploads\/2023\/08\/ACLAD-noticia-13-2048x1536.jpg 2048w, https:\/\/xn--acladcorua-19a.es\/wp-content\/uploads\/2023\/08\/ACLAD-noticia-13-16x12.jpg 16w\" sizes=\"(max-width: 1024px) 100vw, 1024px\" \/><\/figure>","protected":false},"excerpt":{"rendered":"<p>Javi: \u201cTuve la desgracia de caer en prisi\u00f3n y all\u00ed fue donde me plante\u00e9 decir se acab\u00f3\u201d. Oscar: \u201c Yo recuper\u00e9 la familia&nbsp;y a viejos amigos que perd\u00ed por culpa de la droga\u201d. Oscar, Javi Y Victoria Bobadilla Con Pablo Portabales de Aclad Coru\u00f1a (soundcloud.com) Javi y Oscar&nbsp;han decidido darse una segunda oportunidad de vivir, pero de vivir bien y felices . Por eso comenzaron de la mano de los profesionales de&nbsp;ACLAD Coru\u00f1a&nbsp;un nuevo camino en el que ya no quieren mirar atr\u00e1s. Ya llevan mucho caminado y ahora son dos grandes supervivientes de las drogas. De su experiencia de<\/p>","protected":false},"author":2,"featured_media":452,"comment_status":"open","ping_status":"open","sticky":false,"template":"","format":"standard","meta":{"iawp_total_views":2,"footnotes":""},"categories":[14],"tags":[],"class_list":["post-246","post","type-post","status-publish","format-standard","has-post-thumbnail","hentry","category-en-primera-persona"],"_links":{"self":[{"href":"https:\/\/xn--acladcorua-19a.es\/gl\/wp-json\/wp\/v2\/posts\/246"}],"collection":[{"href":"https:\/\/xn--acladcorua-19a.es\/gl\/wp-json\/wp\/v2\/posts"}],"about":[{"href":"https:\/\/xn--acladcorua-19a.es\/gl\/wp-json\/wp\/v2\/types\/post"}],"author":[{"embeddable":true,"href":"https:\/\/xn--acladcorua-19a.es\/gl\/wp-json\/wp\/v2\/users\/2"}],"replies":[{"embeddable":true,"href":"https:\/\/xn--acladcorua-19a.es\/gl\/wp-json\/wp\/v2\/comments?post=246"}],"version-history":[{"count":3,"href":"https:\/\/xn--acladcorua-19a.es\/gl\/wp-json\/wp\/v2\/posts\/246\/revisions"}],"predecessor-version":[{"id":453,"href":"https:\/\/xn--acladcorua-19a.es\/gl\/wp-json\/wp\/v2\/posts\/246\/revisions\/453"}],"wp:featuredmedia":[{"embeddable":true,"href":"https:\/\/xn--acladcorua-19a.es\/gl\/wp-json\/wp\/v2\/media\/452"}],"wp:attachment":[{"href":"https:\/\/xn--acladcorua-19a.es\/gl\/wp-json\/wp\/v2\/media?parent=246"}],"wp:term":[{"taxonomy":"category","embeddable":true,"href":"https:\/\/xn--acladcorua-19a.es\/gl\/wp-json\/wp\/v2\/categories?post=246"},{"taxonomy":"post_tag","embeddable":true,"href":"https:\/\/xn--acladcorua-19a.es\/gl\/wp-json\/wp\/v2\/tags?post=246"}],"curies":[{"name":"wp","href":"https:\/\/api.w.org\/{rel}","templated":true}]}}