{"id":249,"date":"2017-05-03T13:03:12","date_gmt":"2017-05-03T11:03:12","guid":{"rendered":"http:\/\/74.234.24.151\/?p=249"},"modified":"2023-08-11T13:16:05","modified_gmt":"2023-08-11T11:16:05","slug":"miguel-plaza-es-necesario-que-se-explique-a-fondo-el-proyecto-mi-casita","status":"publish","type":"post","link":"https:\/\/xn--acladcorua-19a.es\/gl\/2017\/05\/03\/miguel-plaza-es-necesario-que-se-explique-a-fondo-el-proyecto-mi-casita\/","title":{"rendered":"Miguel Plaza: \u201cEs necesario que se explique a fondo el proyecto MI CASITA\u201d"},"content":{"rendered":"<p><a href=\"https:\/\/soundcloud.com\/acladcoruna\/miguel-plaza-con-pablo-portabales\">Miguel PLaza Con Pablo Portabales de Aclad Coru\u00f1a (soundcloud.com)<\/a><\/p>\n\n\n\n<p><strong>El director-gerente de la Asociaci\u00f3n Ciudadana de Lucha contra la Droga de A Coru\u00f1a, Miguel Plaza<\/strong>, ha ofrecido en&nbsp;<strong>Radio Voz<\/strong>&nbsp;su opini\u00f3n sobre el rechazo vecinal de Eir\u00eds&nbsp;<strong>al proyecto del Hogar de Sor Eusebia \u201cMi Casita\u201d<\/strong>&nbsp;que pretende dar techo &nbsp;a personas que no tienen donde vivir.<\/p>\n\n\n\n<p><strong>Miguel Plaza<\/strong>, que dirige una entidad que en su momento tuvo que superar un duro combate vecinal, cree que es necesario que los promotores de Mi Casita expliquen a fondo su proyecto social y que los vecinos escuchen. En su opini\u00f3n, es vital conocer qu\u00e9 proyecto de reinserci\u00f3n acompa\u00f1a al mero hecho f\u00edsico de proporcionar un techo a quienes est\u00e1n necesitados de todo.<\/p>\n\n\n\n<figure class=\"wp-block-image size-large\"><img loading=\"lazy\" decoding=\"async\" width=\"1024\" height=\"768\" src=\"http:\/\/74.234.24.151\/wp-content\/uploads\/2023\/08\/ACLAD-noticia-14-1024x768.jpg\" alt=\"\" class=\"wp-image-250\" srcset=\"https:\/\/xn--acladcorua-19a.es\/wp-content\/uploads\/2023\/08\/ACLAD-noticia-14-1024x768.jpg 1024w, https:\/\/xn--acladcorua-19a.es\/wp-content\/uploads\/2023\/08\/ACLAD-noticia-14-300x225.jpg 300w, https:\/\/xn--acladcorua-19a.es\/wp-content\/uploads\/2023\/08\/ACLAD-noticia-14-768x576.jpg 768w, https:\/\/xn--acladcorua-19a.es\/wp-content\/uploads\/2023\/08\/ACLAD-noticia-14-1536x1152.jpg 1536w, https:\/\/xn--acladcorua-19a.es\/wp-content\/uploads\/2023\/08\/ACLAD-noticia-14-2048x1536.jpg 2048w, https:\/\/xn--acladcorua-19a.es\/wp-content\/uploads\/2023\/08\/ACLAD-noticia-14-16x12.jpg 16w\" sizes=\"(max-width: 1024px) 100vw, 1024px\" \/><\/figure>","protected":false},"excerpt":{"rendered":"<p>Miguel PLaza Con Pablo Portabales de Aclad Coru\u00f1a (soundcloud.com) El director-gerente de la Asociaci\u00f3n Ciudadana de Lucha contra la Droga de A Coru\u00f1a, Miguel Plaza, ha ofrecido en&nbsp;Radio Voz&nbsp;su opini\u00f3n sobre el rechazo vecinal de Eir\u00eds&nbsp;al proyecto del Hogar de Sor Eusebia \u201cMi Casita\u201d&nbsp;que pretende dar techo &nbsp;a personas que no tienen donde vivir. Miguel Plaza, que dirige una entidad que en su momento tuvo que superar un duro combate vecinal, cree que es necesario que los promotores de Mi Casita expliquen a fondo su proyecto social y que los vecinos escuchen. En su opini\u00f3n, es vital conocer qu\u00e9 proyecto<\/p>","protected":false},"author":2,"featured_media":458,"comment_status":"open","ping_status":"open","sticky":false,"template":"","format":"standard","meta":{"iawp_total_views":32,"footnotes":""},"categories":[15],"tags":[],"class_list":["post-249","post","type-post","status-publish","format-standard","has-post-thumbnail","hentry","category-articulos"],"_links":{"self":[{"href":"https:\/\/xn--acladcorua-19a.es\/gl\/wp-json\/wp\/v2\/posts\/249"}],"collection":[{"href":"https:\/\/xn--acladcorua-19a.es\/gl\/wp-json\/wp\/v2\/posts"}],"about":[{"href":"https:\/\/xn--acladcorua-19a.es\/gl\/wp-json\/wp\/v2\/types\/post"}],"author":[{"embeddable":true,"href":"https:\/\/xn--acladcorua-19a.es\/gl\/wp-json\/wp\/v2\/users\/2"}],"replies":[{"embeddable":true,"href":"https:\/\/xn--acladcorua-19a.es\/gl\/wp-json\/wp\/v2\/comments?post=249"}],"version-history":[{"count":3,"href":"https:\/\/xn--acladcorua-19a.es\/gl\/wp-json\/wp\/v2\/posts\/249\/revisions"}],"predecessor-version":[{"id":459,"href":"https:\/\/xn--acladcorua-19a.es\/gl\/wp-json\/wp\/v2\/posts\/249\/revisions\/459"}],"wp:featuredmedia":[{"embeddable":true,"href":"https:\/\/xn--acladcorua-19a.es\/gl\/wp-json\/wp\/v2\/media\/458"}],"wp:attachment":[{"href":"https:\/\/xn--acladcorua-19a.es\/gl\/wp-json\/wp\/v2\/media?parent=249"}],"wp:term":[{"taxonomy":"category","embeddable":true,"href":"https:\/\/xn--acladcorua-19a.es\/gl\/wp-json\/wp\/v2\/categories?post=249"},{"taxonomy":"post_tag","embeddable":true,"href":"https:\/\/xn--acladcorua-19a.es\/gl\/wp-json\/wp\/v2\/tags?post=249"}],"curies":[{"name":"wp","href":"https:\/\/api.w.org\/{rel}","templated":true}]}}