{"id":2719,"date":"2025-07-04T08:55:18","date_gmt":"2025-07-04T06:55:18","guid":{"rendered":"https:\/\/xn--acladcorua-19a.es\/?p=2719"},"modified":"2025-07-04T08:55:18","modified_gmt":"2025-07-04T06:55:18","slug":"visita-del-conselleiro-de-sanidad-a-aclad-coruna","status":"publish","type":"post","link":"https:\/\/xn--acladcorua-19a.es\/gl\/2025\/07\/04\/visita-del-conselleiro-de-sanidad-a-aclad-coruna\/","title":{"rendered":"VISITA DEL CONSELLEIRO DE SANIDAD A ACLAD CORU\u00d1A"},"content":{"rendered":"<p class=\"has-black-color has-text-color has-link-color wp-elements-324172da49c4dcdd6bbf48dec74870b1\">El conselleiro de Sanidade, Antonio G\u00f3mez Caama\u00f1o, realizo una visita a ACLAD Coru\u00f1a, acompa\u00f1ado por la delegada territorial de la Xunta de Galicia en A Coru\u00f1a, Bel\u00e9n do Campo, as\u00ed como de la Subdirectora xeral de Atenci\u00f3n a sa\u00fade mental do sergas, Almudena D\u00edaz Pereira.  Realizando un recorrido por las instalaciones de ACLAD Coru\u00f1a en el Pol\u00edgono de La Grela en A Coru\u00f1a y departiendo con los profesionales de ACLAD e interes\u00e1ndose por las diversas actividades realizadas.<\/p>\n\n\n\n<p class=\"has-black-color has-text-color has-link-color wp-elements-ffa42d57a2cb8c877a17f1986aa6a51d\">La presidenta de ACLAD Coru\u00f1a, Rosa Barreiro destaco la labor que realiza la entidad en sus instalaciones, que cuentan con unidad asistencial, unidad de d\u00eda y espacios destinados la terapias individuales y grupales. Este trabajo se complementa con el centro residencial que Aclad gestiona en Culleredo. La asociaci\u00f3n realiza casi 30.000 intervenciones al a\u00f1o y en estos momentos atiende a cerca de 1.700 pacientes.<\/p>\n\n\n\n<p class=\"has-black-color has-text-color has-link-color wp-elements-ba1c6cfedc8488ad315ca732ee0a2c46\">La Xunta y la entidad coru\u00f1esa comparten el objetivo com\u00fan de ofrecer la mejor atenci\u00f3n a las personas que sufren trastornos relacionados con el consumo de sustancias.<\/p>\n\n\n\n<p class=\"has-black-color has-text-color has-link-color wp-elements-1bd640a3a9e89e47fba9b1a4721ce9d5\">Para colaborar con la labor de la Asociaci\u00f3n Ciudadana de Lucha contra la Droga, la Conseller\u00eda de Sanidade colabora con una aportaci\u00f3n de 2 millones de euros. Esta colaboraci\u00f3n se enmarca en la estrategia de apoyo que la Xunta mantiene con nueve entidades sin \u00e1nimo de lucro que este a\u00f1o consigue casi los 8 millones de euros. Las entidades que trabajan en el tratamiento y prevenci\u00f3n de las adicciones en toda Galicia en 2024 prestaron asistencia la cerca de 7.000 personas.<\/p>\n\n\n\n<p class=\"has-black-color has-text-color has-link-color wp-elements-f69cab310db101cc9bc78fdc95995b39\">El conselleiro de Sanidade reafirm\u00f3 a estos centros como ACLAD Coru\u00f1a, como \u00abun aliado estrat\u00e9xico b\u00e1sico da Xunta\u00bb.\u00a0En este sentido, puso en valor la labor desde esta entidad en la lucha contra \u00abun problema que non \u00e9 s\u00f3 sanitario, sen\u00f3n tam\u00e9n social\u00bb.<\/p>\n\n\n\n<p class=\"has-black-color has-text-color has-link-color wp-elements-b9bcad35d919402aaee9166b6bb7e9e0\">Temos un convenio coa Aclad de 2 mill\u00f3ns de euros, un di\u00f1eiro ben investido despois da visita de hoxe\u00bb, a\u00f1adi\u00f3, se\u00f1alando que la inversi\u00f3n se eleva, en toda la comunidad, a \u00ab<strong>12,4 mill\u00f3ns en acordos<\/strong> con diferentes entidades\u00a0e tam\u00e9n outras li\u00f1as de actuaci\u00f3n en convocatorias de programas para reinserci\u00f3n\u00bb.\u00a0<\/p>\n\n\n\n<p><\/p>\n\n\n\n<figure class=\"wp-block-image size-full\"><img loading=\"lazy\" decoding=\"async\" width=\"768\" height=\"432\" src=\"https:\/\/xn--acladcorua-19a.es\/wp-content\/uploads\/2025\/07\/VISITA-CONSELLEIRO-SANIDADE-A-ACLAD.webp\" alt=\"\" class=\"wp-image-2720\" srcset=\"https:\/\/xn--acladcorua-19a.es\/wp-content\/uploads\/2025\/07\/VISITA-CONSELLEIRO-SANIDADE-A-ACLAD.webp 768w, https:\/\/xn--acladcorua-19a.es\/wp-content\/uploads\/2025\/07\/VISITA-CONSELLEIRO-SANIDADE-A-ACLAD-300x169.webp 300w, https:\/\/xn--acladcorua-19a.es\/wp-content\/uploads\/2025\/07\/VISITA-CONSELLEIRO-SANIDADE-A-ACLAD-18x10.webp 18w\" sizes=\"(max-width: 768px) 100vw, 768px\" \/><\/figure>","protected":false},"excerpt":{"rendered":"<p>El conselleiro de Sanidade, Antonio G\u00f3mez Caama\u00f1o, realizo una visita a ACLAD Coru\u00f1a, acompa\u00f1ado por la delegada territorial de la Xunta de Galicia en A Coru\u00f1a, Bel\u00e9n do Campo, as\u00ed como de la Subdirectora xeral de Atenci\u00f3n a sa\u00fade mental do sergas, Almudena D\u00edaz Pereira. Realizando un recorrido por las instalaciones de ACLAD Coru\u00f1a en el Pol\u00edgono de La Grela en A Coru\u00f1a y departiendo con los profesionales de ACLAD e interes\u00e1ndose por las diversas actividades realizadas. La presidenta de ACLAD Coru\u00f1a, Rosa Barreiro destaco la labor que realiza la entidad en sus instalaciones, que cuentan con unidad asistencial, unidad<\/p>","protected":false},"author":3,"featured_media":0,"comment_status":"open","ping_status":"open","sticky":false,"template":"","format":"standard","meta":{"iawp_total_views":36,"footnotes":""},"categories":[15],"tags":[],"class_list":["post-2719","post","type-post","status-publish","format-standard","hentry","category-articulos"],"_links":{"self":[{"href":"https:\/\/xn--acladcorua-19a.es\/gl\/wp-json\/wp\/v2\/posts\/2719"}],"collection":[{"href":"https:\/\/xn--acladcorua-19a.es\/gl\/wp-json\/wp\/v2\/posts"}],"about":[{"href":"https:\/\/xn--acladcorua-19a.es\/gl\/wp-json\/wp\/v2\/types\/post"}],"author":[{"embeddable":true,"href":"https:\/\/xn--acladcorua-19a.es\/gl\/wp-json\/wp\/v2\/users\/3"}],"replies":[{"embeddable":true,"href":"https:\/\/xn--acladcorua-19a.es\/gl\/wp-json\/wp\/v2\/comments?post=2719"}],"version-history":[{"count":1,"href":"https:\/\/xn--acladcorua-19a.es\/gl\/wp-json\/wp\/v2\/posts\/2719\/revisions"}],"predecessor-version":[{"id":2721,"href":"https:\/\/xn--acladcorua-19a.es\/gl\/wp-json\/wp\/v2\/posts\/2719\/revisions\/2721"}],"wp:attachment":[{"href":"https:\/\/xn--acladcorua-19a.es\/gl\/wp-json\/wp\/v2\/media?parent=2719"}],"wp:term":[{"taxonomy":"category","embeddable":true,"href":"https:\/\/xn--acladcorua-19a.es\/gl\/wp-json\/wp\/v2\/categories?post=2719"},{"taxonomy":"post_tag","embeddable":true,"href":"https:\/\/xn--acladcorua-19a.es\/gl\/wp-json\/wp\/v2\/tags?post=2719"}],"curies":[{"name":"wp","href":"https:\/\/api.w.org\/{rel}","templated":true}]}}