{"id":292,"date":"2017-03-23T09:28:23","date_gmt":"2017-03-23T08:28:23","guid":{"rendered":"http:\/\/74.234.24.151\/?p=292"},"modified":"2023-08-14T09:57:17","modified_gmt":"2023-08-14T07:57:17","slug":"la-edad-de-inicio-del-consumo-de-hachis-se-mantiene-en-los-12-o-13-anos-pero-ahora-los-adolescentes-piden-ayuda-antes-para-dejarlo","status":"publish","type":"post","link":"https:\/\/xn--acladcorua-19a.es\/gl\/2017\/03\/23\/la-edad-de-inicio-del-consumo-de-hachis-se-mantiene-en-los-12-o-13-anos-pero-ahora-los-adolescentes-piden-ayuda-antes-para-dejarlo\/","title":{"rendered":"La edad de inicio del consumo de hach\u00eds se mantiene en los 12 o 13 a\u00f1os, pero ahora los adolescentes piden ayuda antes para dejarlo"},"content":{"rendered":"<p><a href=\"https:\/\/soundcloud.com\/acladcoruna\/julia-garcia-con-pablo-portabales\">Julia Garc\u00eda Con Pablo Portabales de Aclad Coru\u00f1a (soundcloud.com)<\/a><\/p>\n\n\n\n<p>Cada vez m\u00e1s j\u00f3venes, un 23% de los nuevos pacientes, acuden por iniciativa propia para pedir ayuda a&nbsp;<strong>ACLAD<\/strong>&nbsp;<strong>Coru\u00f1a.<\/strong>&nbsp;Otro 23% lo hace por motivos judiciales y, en menor medida, por iniciativa familiar. Estos datos han sido destacados por&nbsp;<strong>la trabajadora social de la Asociaci\u00f3n Ciudadana de Lucha contra la Droga de A Coru\u00f1a, Julia Garc\u00eda,<\/strong>&nbsp;que ha participado en el espacio&nbsp;<strong><em>CITA CON ACLAD<\/em><\/strong>&nbsp;de&nbsp;<strong>Radio Voz<\/strong>, que dirige&nbsp;<strong>Pablo Portabales<\/strong>&nbsp;en las ma\u00f1anas de los martes.<\/p>\n\n\n\n<p>Esta trabajadora social, con m\u00e1s de dos d\u00e9cadas de recorrido profesional en el \u00e1mbito de las adicciones, ha resaltado que \u201cafortunadamente, el perfil de los usuarios que acuden por primera vez a nosotros ha cambiado mucho en los \u00faltimos a\u00f1os\u201d. Cada vez son m\u00e1s j\u00f3venes, pero esto es bueno, porque no quiere decir que haya aumentado el n\u00famero de adolescentes que caen en las drogas, sino que cada vez son m\u00e1s los que toman conciencia del problema cuando todav\u00eda est\u00e1 en sus inicios. Unas veces acuden solos y en otros casos lo hacen acompa\u00f1ados por sus padres o alguien de su confianza.<\/p>\n\n\n\n<p>La media de edad del usuario que trata&nbsp;<strong>ACLAD Coru\u00f1a<\/strong>&nbsp;se mantiene, no obstante, en los 32 a\u00f1os. Esto se debe a que se ha producido un aumento simultaneo de j\u00f3venes menores de 18 y de personas cada vez m\u00e1s mayores, entre quienes solicitan ayuda profesional en el centro.<\/p>\n\n\n\n<p>La media de edad del usuario que trata&nbsp;<strong>ACLAD Coru\u00f1a<\/strong>&nbsp;se mantiene, no obstante, en los 32 a\u00f1os. Esto se debe a que se ha producido un aumento simultaneo de j\u00f3venes menores de 18 y de personas cada vez m\u00e1s mayores, entre quienes solicitan ayuda profesional en el centro.<\/p>\n\n\n\n<p>\u201cSeg\u00fan mi experiencia, y en esto discrepo con algunos profesionales,&nbsp;<strong>desengancharse de la droga es posible a cualquier edad<\/strong>, aunque conviene hacerlo cuanto antes para evitar las consecuencias que, si no, sufrir\u00e1 el paciente a lo largo de su vida\u201d.&nbsp;<strong>Si un joven comienza a consumir hach\u00eds a los 12 \u00f3 13 a\u00f1os inevitablemente va a tener problemas en los estudios porque tendr\u00e1 dificultades de concentraci\u00f3n y memoria<\/strong>. Dejar las drogas en una edad temprana significa dejar a un lado problemas futuros de abandono de estudios, de paro y de orden judicial. De hecho, el perfil tipo del consumidor es todav\u00eda el del var\u00f3n que comienza consumiendo hach\u00eds , habitualmente acompa\u00f1ado de alcohol, &nbsp;que no ha finalizado m\u00e1s que la ESO, se encuentra en paro , depende de sus padres y ha tenido alg\u00fan problema con la justicia.<\/p>\n\n\n\n<p><strong>S\u00f3lo en 2016, casi 700 personas han encontrado su oportunidad en Aclad para cumplir penas alternativas a la prisi\u00f3n&nbsp; y buscar su reinserci\u00f3n social.&nbsp;<\/strong><\/p>\n\n\n\n<p>Julia Garc\u00eda ha subrayado que el n\u00famero de pacientes en esta situaci\u00f3n no se ha incrementado porque hayan aumentado los delitos, sino porque hay una mayor sensibilidad por parte de los jueces. \u201cEs mucho m\u00e1s f\u00e1cil &nbsp;la reiserci\u00f3n social y evitar que vuelvan a delinquir si se les env\u00eda a terapia y no a prisi\u00f3n\u201d.<\/p>\n\n\n\n<figure class=\"wp-block-image size-large\"><img loading=\"lazy\" decoding=\"async\" width=\"1024\" height=\"768\" src=\"http:\/\/74.234.24.151\/wp-content\/uploads\/2023\/08\/ACLAD-noticia-23-1024x768.jpg\" alt=\"\" class=\"wp-image-294\" srcset=\"https:\/\/xn--acladcorua-19a.es\/wp-content\/uploads\/2023\/08\/ACLAD-noticia-23-1024x768.jpg 1024w, https:\/\/xn--acladcorua-19a.es\/wp-content\/uploads\/2023\/08\/ACLAD-noticia-23-300x225.jpg 300w, https:\/\/xn--acladcorua-19a.es\/wp-content\/uploads\/2023\/08\/ACLAD-noticia-23-768x576.jpg 768w, https:\/\/xn--acladcorua-19a.es\/wp-content\/uploads\/2023\/08\/ACLAD-noticia-23-1536x1152.jpg 1536w, https:\/\/xn--acladcorua-19a.es\/wp-content\/uploads\/2023\/08\/ACLAD-noticia-23-2048x1536.jpg 2048w, https:\/\/xn--acladcorua-19a.es\/wp-content\/uploads\/2023\/08\/ACLAD-noticia-23-16x12.jpg 16w\" sizes=\"(max-width: 1024px) 100vw, 1024px\" \/><\/figure>","protected":false},"excerpt":{"rendered":"<p>Julia Garc\u00eda Con Pablo Portabales de Aclad Coru\u00f1a (soundcloud.com) Cada vez m\u00e1s j\u00f3venes, un 23% de los nuevos pacientes, acuden por iniciativa propia para pedir ayuda a&nbsp;ACLAD&nbsp;Coru\u00f1a.&nbsp;Otro 23% lo hace por motivos judiciales y, en menor medida, por iniciativa familiar. Estos datos han sido destacados por&nbsp;la trabajadora social de la Asociaci\u00f3n Ciudadana de Lucha contra la Droga de A Coru\u00f1a, Julia Garc\u00eda,&nbsp;que ha participado en el espacio&nbsp;CITA CON ACLAD&nbsp;de&nbsp;Radio Voz, que dirige&nbsp;Pablo Portabales&nbsp;en las ma\u00f1anas de los martes. Esta trabajadora social, con m\u00e1s de dos d\u00e9cadas de recorrido profesional en el \u00e1mbito de las adicciones, ha resaltado que \u201cafortunadamente, el<\/p>","protected":false},"author":2,"featured_media":484,"comment_status":"closed","ping_status":"closed","sticky":false,"template":"","format":"standard","meta":{"iawp_total_views":2,"footnotes":""},"categories":[15],"tags":[],"class_list":["post-292","post","type-post","status-publish","format-standard","has-post-thumbnail","hentry","category-articulos"],"_links":{"self":[{"href":"https:\/\/xn--acladcorua-19a.es\/gl\/wp-json\/wp\/v2\/posts\/292"}],"collection":[{"href":"https:\/\/xn--acladcorua-19a.es\/gl\/wp-json\/wp\/v2\/posts"}],"about":[{"href":"https:\/\/xn--acladcorua-19a.es\/gl\/wp-json\/wp\/v2\/types\/post"}],"author":[{"embeddable":true,"href":"https:\/\/xn--acladcorua-19a.es\/gl\/wp-json\/wp\/v2\/users\/2"}],"replies":[{"embeddable":true,"href":"https:\/\/xn--acladcorua-19a.es\/gl\/wp-json\/wp\/v2\/comments?post=292"}],"version-history":[{"count":2,"href":"https:\/\/xn--acladcorua-19a.es\/gl\/wp-json\/wp\/v2\/posts\/292\/revisions"}],"predecessor-version":[{"id":483,"href":"https:\/\/xn--acladcorua-19a.es\/gl\/wp-json\/wp\/v2\/posts\/292\/revisions\/483"}],"wp:featuredmedia":[{"embeddable":true,"href":"https:\/\/xn--acladcorua-19a.es\/gl\/wp-json\/wp\/v2\/media\/484"}],"wp:attachment":[{"href":"https:\/\/xn--acladcorua-19a.es\/gl\/wp-json\/wp\/v2\/media?parent=292"}],"wp:term":[{"taxonomy":"category","embeddable":true,"href":"https:\/\/xn--acladcorua-19a.es\/gl\/wp-json\/wp\/v2\/categories?post=292"},{"taxonomy":"post_tag","embeddable":true,"href":"https:\/\/xn--acladcorua-19a.es\/gl\/wp-json\/wp\/v2\/tags?post=292"}],"curies":[{"name":"wp","href":"https:\/\/api.w.org\/{rel}","templated":true}]}}